{"id":531,"date":"2026-08-31T11:14:17","date_gmt":"2026-08-31T11:14:17","guid":{"rendered":"https:\/\/socialabilityhub.eu\/?p=531"},"modified":"2026-08-31T11:16:08","modified_gmt":"2026-08-31T11:16:08","slug":"curriculum-training-youth-workers-for-empowerment-and-inclusion-of-youngsters-with-disabilities-through-quality-social-entrepreneurship-educational-programmes","status":"publish","type":"post","link":"https:\/\/socialabilityhub.eu\/bs\/2026\/08\/31\/curriculum-training-youth-workers-for-empowerment-and-inclusion-of-youngsters-with-disabilities-through-quality-social-entrepreneurship-educational-programmes\/","title":{"rendered":"Nastavni plan i program \u2013 Obuka omladinskih radnika za osna\u017eivanje i inkluziju mladih s invaliditetom kroz kvalitetne obrazovne programe socijalnog poduzetni\u0161tva"},"content":{"rendered":"<div data-elementor-type=\"wp-post\" data-elementor-id=\"531\" class=\"elementor elementor-531\" data-elementor-settings=\"{&quot;element_pack_global_tooltip_width&quot;:{&quot;unit&quot;:&quot;px&quot;,&quot;size&quot;:&quot;&quot;,&quot;sizes&quot;:[]},&quot;element_pack_global_tooltip_width_tablet&quot;:{&quot;unit&quot;:&quot;px&quot;,&quot;size&quot;:&quot;&quot;,&quot;sizes&quot;:[]},&quot;element_pack_global_tooltip_width_mobile&quot;:{&quot;unit&quot;:&quot;px&quot;,&quot;size&quot;:&quot;&quot;,&quot;sizes&quot;:[]},&quot;element_pack_global_tooltip_padding&quot;:{&quot;unit&quot;:&quot;px&quot;,&quot;top&quot;:&quot;&quot;,&quot;right&quot;:&quot;&quot;,&quot;bottom&quot;:&quot;&quot;,&quot;left&quot;:&quot;&quot;,&quot;isLinked&quot;:true},&quot;element_pack_global_tooltip_padding_tablet&quot;:{&quot;unit&quot;:&quot;px&quot;,&quot;top&quot;:&quot;&quot;,&quot;right&quot;:&quot;&quot;,&quot;bottom&quot;:&quot;&quot;,&quot;left&quot;:&quot;&quot;,&quot;isLinked&quot;:true},&quot;element_pack_global_tooltip_padding_mobile&quot;:{&quot;unit&quot;:&quot;px&quot;,&quot;top&quot;:&quot;&quot;,&quot;right&quot;:&quot;&quot;,&quot;bottom&quot;:&quot;&quot;,&quot;left&quot;:&quot;&quot;,&quot;isLinked&quot;:true},&quot;element_pack_global_tooltip_border_radius&quot;:{&quot;unit&quot;:&quot;px&quot;,&quot;top&quot;:&quot;&quot;,&quot;right&quot;:&quot;&quot;,&quot;bottom&quot;:&quot;&quot;,&quot;left&quot;:&quot;&quot;,&quot;isLinked&quot;:true},&quot;element_pack_global_tooltip_border_radius_tablet&quot;:{&quot;unit&quot;:&quot;px&quot;,&quot;top&quot;:&quot;&quot;,&quot;right&quot;:&quot;&quot;,&quot;bottom&quot;:&quot;&quot;,&quot;left&quot;:&quot;&quot;,&quot;isLinked&quot;:true},&quot;element_pack_global_tooltip_border_radius_mobile&quot;:{&quot;unit&quot;:&quot;px&quot;,&quot;top&quot;:&quot;&quot;,&quot;right&quot;:&quot;&quot;,&quot;bottom&quot;:&quot;&quot;,&quot;left&quot;:&quot;&quot;,&quot;isLinked&quot;:true}}\" data-elementor-post-type=\"post\">\n\t\t\t\t<div class=\"elementor-element elementor-element-28dea30f e-flex e-con-boxed e-con e-parent\" data-id=\"28dea30f\" data-element_type=\"container\" data-e-type=\"container\" data-settings=\"{&quot;background_background&quot;:&quot;classic&quot;}\">\n\t\t\t\t\t<div class=\"e-con-inner\">\n\t\t\t\t<div class=\"elementor-element elementor-element-10c21774 elementor-widget elementor-widget-heading\" data-id=\"10c21774\" data-element_type=\"widget\" data-e-type=\"widget\" data-widget_type=\"heading.default\">\n\t\t\t\t\t<h2 class=\"elementor-heading-title elementor-size-default\">Nastavni plan i program \u2013 Obuka omladinskih radnika za osna\u017eivanje i inkluziju mladih s invaliditetom kroz kvalitetne obrazovne programe socijalnog poduzetni\u0161tva<\/h2>\t\t\t\t<\/div>\n\t\t\t\t<div class=\"elementor-element elementor-element-3b8d5775 elementor-widget elementor-widget-bdt-breadcrumbs\" data-id=\"3b8d5775\" data-element_type=\"widget\" data-e-type=\"widget\" data-widget_type=\"bdt-breadcrumbs.default\">\n\t\t\t\t\t<div class='bdt-ep-breadcrumbs-wrapper'><ul class=\"bdt-ep-breadcrumb breadcrumb-align-left\"><li><a href=\"https:\/\/socialabilityhub.eu\/bs\/\">Po\u010detna stranica<\/a><\/li>\n<\/ul><\/div>\t\t\t\t<\/div>\n\t\t\t\t\t<\/div>\n\t\t\t\t<\/div>\n\t\t<div class=\"elementor-element elementor-element-7bc22ef9 e-flex e-con-boxed e-con e-parent\" data-id=\"7bc22ef9\" data-element_type=\"container\" data-e-type=\"container\">\n\t\t\t\t\t<div class=\"e-con-inner\">\n\t\t<div class=\"elementor-element elementor-element-2cdcec31 e-con-full e-flex e-con e-child\" data-id=\"2cdcec31\" data-element_type=\"container\" data-e-type=\"container\">\n\t\t\t\t<\/div>\n\t\t<div class=\"elementor-element elementor-element-3fc4e9a5 e-con-full e-flex e-con e-child\" data-id=\"3fc4e9a5\" data-element_type=\"container\" data-e-type=\"container\">\n\t\t\t\t<div class=\"elementor-element elementor-element-32f60637 elementor-widget elementor-widget-image\" data-id=\"32f60637\" data-element_type=\"widget\" data-e-type=\"widget\" data-widget_type=\"image.default\">\n\t\t\t\t\t\t\t\t\t\t\t\t\t\t\t<img fetchpriority=\"high\" decoding=\"async\" width=\"1024\" height=\"1024\" src=\"https:\/\/socialabilityhub.eu\/wp-content\/uploads\/2026\/08\/Curriculum-cover.webp\" class=\"attachment-full size-full wp-image-532\" alt=\"\" srcset=\"https:\/\/socialabilityhub.eu\/wp-content\/uploads\/2026\/08\/Curriculum-cover.webp 1024w, https:\/\/socialabilityhub.eu\/wp-content\/uploads\/2026\/08\/Curriculum-cover-300x300.webp 300w, https:\/\/socialabilityhub.eu\/wp-content\/uploads\/2026\/08\/Curriculum-cover-150x150.webp 150w, https:\/\/socialabilityhub.eu\/wp-content\/uploads\/2026\/08\/Curriculum-cover-768x768.webp 768w, https:\/\/socialabilityhub.eu\/wp-content\/uploads\/2026\/08\/Curriculum-cover-12x12.webp 12w\" sizes=\"(max-width: 1024px) 100vw, 1024px\" \/>\t\t\t\t\t\t\t\t\t\t\t\t\t\t\t<\/div>\n\t\t\t\t<\/div>\n\t\t\t\t\t<\/div>\n\t\t\t\t<\/div>\n\t\t<div class=\"elementor-element elementor-element-671b213c e-flex e-con-boxed e-con e-parent\" data-id=\"671b213c\" data-element_type=\"container\" data-e-type=\"container\">\n\t\t\t\t\t<div class=\"e-con-inner\">\n\t\t\t\t<div class=\"elementor-element elementor-element-34f5c192 elementor-widget elementor-widget-text-editor\" data-id=\"34f5c192\" data-element_type=\"widget\" data-e-type=\"widget\" data-widget_type=\"text-editor.default\">\n\t\t\t\t\t\t\t\t\t<p class=\"PDq2pG_selectionAnchorContainer\" data-start=\"0\" data-end=\"631\">Ovaj nastavni plan i program razvijen je u okviru projekta \u201cIzgradnja kapaciteta u omladinskom radu za socijalno poduzetni\u0161tvo mladih s invaliditetom (SocEntYwD)\u201d. Projekat je usmjeren na ja\u010danje kapaciteta organizacija za omladinski rad i stru\u010dnjaka za dizajniranje, upravljanje i implementaciju inkluzivnih obrazovnih programa koji podr\u017eavaju mlade osobe s invaliditetom da istra\u017euju, razvijaju i odr\u017eavaju inicijative socijalnog poduzetni\u0161tva. Temelji se na transnacionalnoj procjeni potreba i na prakti\u010dnom iskustvu partnera iz zemalja EU i Zapadnog Balkana, s osvrtom na realnosti u Bosni i Hercegovini i na Kosovu.<\/p><p data-start=\"0\" data-end=\"631\">\u00a0<\/p><p data-start=\"633\" data-end=\"1266\" data-is-last-node=\"\" data-is-only-node=\"\">Svrha ovog nastavnog plana i programa je da pru\u017ei i konceptualni okvir i set spremnih za kori\u0161tenje edukativnih sesija za obuke omladinskih radnika. On podr\u017eava omladinske radnike u produbljivanju njihovog razumijevanja invaliditeta i socijalnog poduzetni\u0161tva te nudi prakti\u010dne alate za podr\u0161ku omladinskim radnicima u razvoju poduzetni\u010dkih ideja, izgradnji klju\u010dnih vje\u0161tina i pristupu podr\u017eavaju\u0107im ekosistemima. Materijal je zasnovan na neformalnom obrazovanju i participativnim pristupima, podsti\u010du\u0107i refleksiju, vr\u0161nja\u010dko u\u010denje i smisleno uklju\u010divanje omladinskih radnika u sve faze procesa u\u010denja. Nastavni plan i program je strukturiran u \u010detiri glavna dijela.<\/p>\t\t\t\t\t\t\t\t<\/div>\n\t\t\t\t\t<\/div>\n\t\t\t\t<\/div>\n\t\t<div class=\"elementor-element elementor-element-1a7263fa e-flex e-con-boxed e-con e-parent\" data-id=\"1a7263fa\" data-element_type=\"container\" data-e-type=\"container\">\n\t\t\t\t\t<div class=\"e-con-inner\">\n\t\t<div class=\"elementor-element elementor-element-24ee8fa2 e-con-full e-flex e-con e-child\" data-id=\"24ee8fa2\" data-element_type=\"container\" data-e-type=\"container\">\n\t\t\t\t<\/div>\n\t\t<div class=\"elementor-element elementor-element-2e668c14 e-con-full e-flex e-con e-child\" data-id=\"2e668c14\" data-element_type=\"container\" data-e-type=\"container\">\n\t\t\t\t<div class=\"elementor-element elementor-element-2e0189ad elementor-widget elementor-widget-bdt-document-viewer\" data-id=\"2e0189ad\" data-element_type=\"widget\" data-e-type=\"widget\" data-widget_type=\"bdt-document-viewer.default\">\n\t\t\t\t\t\t\t\t<div class=\"bdt-document-viewer\">\n\t\t\t\t\t\t\t\t<iframe src=\"https:\/\/docs.google.com\/viewer?url=https%3A%2F%2Fsocialabilityhub.eu%2Fwp-content%2Fuploads%2F2026%2F08%2FR1_EN_Curriculum_SocEntYwD.pdf&#038;embedded=true\" class=\"bdt-document\"><\/iframe>\n\t\t\t<\/div>\n\t\t\t\t\t\t\t<\/div>\n\t\t\t\t<\/div>\n\t\t<div class=\"elementor-element elementor-element-40e2e35a e-con-full e-flex e-con e-child\" data-id=\"40e2e35a\" data-element_type=\"container\" data-e-type=\"container\">\n\t\t\t\t<\/div>\n\t\t\t\t\t<\/div>\n\t\t\t\t<\/div>\n\t\t\t\t<\/div>","protected":false},"excerpt":{"rendered":"<p>Ovaj nastavni plan i program razvijen je u okviru projekta \u201cIzgradnja kapaciteta u omladinskom radu za socijalno poduzetni\u0161tvo mladih s invaliditetom (SocEntYwD)\u201d. Projekat je usmjeren na ja\u010danje kapaciteta organizacija za omladinski rad i stru\u010dnjaka za dizajniranje, upravljanje i implementaciju inkluzivnih obrazovnih programa koji podr\u017eavaju mlade osobe s invaliditetom da istra\u017euju, razvijaju i odr\u017eavaju inicijative socijalnog poduzetni\u0161tva. Temelji se na transnacionalnoj procjeni potreba i na prakti\u010dnom iskustvu partnera iz zemalja EU i Zapadnog Balkana, s osvrtom na realnosti u Bosni i Hercegovini i na Kosovu.<\/p>","protected":false},"author":1,"featured_media":532,"comment_status":"open","ping_status":"open","sticky":false,"template":"elementor_header_footer","format":"standard","meta":{"pagelayer_contact_templates":[],"_pagelayer_content":"","footnotes":""},"categories":[10],"tags":[],"class_list":["post-531","post","type-post","status-publish","format-standard","has-post-thumbnail","hentry","category-curriculum-for-education-workers","entry"],"_links":{"self":[{"href":"https:\/\/socialabilityhub.eu\/bs\/wp-json\/wp\/v2\/posts\/531","targetHints":{"allow":["GET"]}}],"collection":[{"href":"https:\/\/socialabilityhub.eu\/bs\/wp-json\/wp\/v2\/posts"}],"about":[{"href":"https:\/\/socialabilityhub.eu\/bs\/wp-json\/wp\/v2\/types\/post"}],"author":[{"embeddable":true,"href":"https:\/\/socialabilityhub.eu\/bs\/wp-json\/wp\/v2\/users\/1"}],"replies":[{"embeddable":true,"href":"https:\/\/socialabilityhub.eu\/bs\/wp-json\/wp\/v2\/comments?post=531"}],"version-history":[{"count":4,"href":"https:\/\/socialabilityhub.eu\/bs\/wp-json\/wp\/v2\/posts\/531\/revisions"}],"predecessor-version":[{"id":538,"href":"https:\/\/socialabilityhub.eu\/bs\/wp-json\/wp\/v2\/posts\/531\/revisions\/538"}],"wp:featuredmedia":[{"embeddable":true,"href":"https:\/\/socialabilityhub.eu\/bs\/wp-json\/wp\/v2\/media\/532"}],"wp:attachment":[{"href":"https:\/\/socialabilityhub.eu\/bs\/wp-json\/wp\/v2\/media?parent=531"}],"wp:term":[{"taxonomy":"category","embeddable":true,"href":"https:\/\/socialabilityhub.eu\/bs\/wp-json\/wp\/v2\/categories?post=531"},{"taxonomy":"post_tag","embeddable":true,"href":"https:\/\/socialabilityhub.eu\/bs\/wp-json\/wp\/v2\/tags?post=531"}],"curies":[{"name":"radni list","href":"https:\/\/api.w.org\/{rel}","templated":true}]}}