{"id":531,"date":"2026-08-31T11:14:17","date_gmt":"2026-08-31T11:14:17","guid":{"rendered":"https:\/\/socialabilityhub.eu\/?p=531"},"modified":"2026-08-31T11:16:08","modified_gmt":"2026-08-31T11:16:08","slug":"curriculum-training-youth-workers-for-empowerment-and-inclusion-of-youngsters-with-disabilities-through-quality-social-entrepreneurship-educational-programmes","status":"publish","type":"post","link":"https:\/\/socialabilityhub.eu\/sq\/2026\/08\/31\/curriculum-training-youth-workers-for-empowerment-and-inclusion-of-youngsters-with-disabilities-through-quality-social-entrepreneurship-educational-programmes\/","title":{"rendered":"Kurrikula \u2013 Trajnimi i punonj\u00ebsve t\u00eb t\u00eb rinjve p\u00ebr fuqizimin dhe p\u00ebrfshirjen e t\u00eb rinjve me aft\u00ebsi t\u00eb kufizuara p\u00ebrmes programeve cil\u00ebsore edukative p\u00ebr sip\u00ebrmarrjen sociale"},"content":{"rendered":"<div data-elementor-type=\"wp-post\" data-elementor-id=\"531\" class=\"elementor elementor-531\" data-elementor-settings=\"{&quot;element_pack_global_tooltip_width&quot;:{&quot;unit&quot;:&quot;px&quot;,&quot;size&quot;:&quot;&quot;,&quot;sizes&quot;:[]},&quot;element_pack_global_tooltip_width_tablet&quot;:{&quot;unit&quot;:&quot;px&quot;,&quot;size&quot;:&quot;&quot;,&quot;sizes&quot;:[]},&quot;element_pack_global_tooltip_width_mobile&quot;:{&quot;unit&quot;:&quot;px&quot;,&quot;size&quot;:&quot;&quot;,&quot;sizes&quot;:[]},&quot;element_pack_global_tooltip_padding&quot;:{&quot;unit&quot;:&quot;px&quot;,&quot;top&quot;:&quot;&quot;,&quot;right&quot;:&quot;&quot;,&quot;bottom&quot;:&quot;&quot;,&quot;left&quot;:&quot;&quot;,&quot;isLinked&quot;:true},&quot;element_pack_global_tooltip_padding_tablet&quot;:{&quot;unit&quot;:&quot;px&quot;,&quot;top&quot;:&quot;&quot;,&quot;right&quot;:&quot;&quot;,&quot;bottom&quot;:&quot;&quot;,&quot;left&quot;:&quot;&quot;,&quot;isLinked&quot;:true},&quot;element_pack_global_tooltip_padding_mobile&quot;:{&quot;unit&quot;:&quot;px&quot;,&quot;top&quot;:&quot;&quot;,&quot;right&quot;:&quot;&quot;,&quot;bottom&quot;:&quot;&quot;,&quot;left&quot;:&quot;&quot;,&quot;isLinked&quot;:true},&quot;element_pack_global_tooltip_border_radius&quot;:{&quot;unit&quot;:&quot;px&quot;,&quot;top&quot;:&quot;&quot;,&quot;right&quot;:&quot;&quot;,&quot;bottom&quot;:&quot;&quot;,&quot;left&quot;:&quot;&quot;,&quot;isLinked&quot;:true},&quot;element_pack_global_tooltip_border_radius_tablet&quot;:{&quot;unit&quot;:&quot;px&quot;,&quot;top&quot;:&quot;&quot;,&quot;right&quot;:&quot;&quot;,&quot;bottom&quot;:&quot;&quot;,&quot;left&quot;:&quot;&quot;,&quot;isLinked&quot;:true},&quot;element_pack_global_tooltip_border_radius_mobile&quot;:{&quot;unit&quot;:&quot;px&quot;,&quot;top&quot;:&quot;&quot;,&quot;right&quot;:&quot;&quot;,&quot;bottom&quot;:&quot;&quot;,&quot;left&quot;:&quot;&quot;,&quot;isLinked&quot;:true}}\" data-elementor-post-type=\"post\">\n\t\t\t\t<div class=\"elementor-element elementor-element-28dea30f e-flex e-con-boxed e-con e-parent\" data-id=\"28dea30f\" data-element_type=\"container\" data-e-type=\"container\" data-settings=\"{&quot;background_background&quot;:&quot;classic&quot;}\">\n\t\t\t\t\t<div class=\"e-con-inner\">\n\t\t\t\t<div class=\"elementor-element elementor-element-10c21774 elementor-widget elementor-widget-heading\" data-id=\"10c21774\" data-element_type=\"widget\" data-e-type=\"widget\" data-widget_type=\"heading.default\">\n\t\t\t\t\t<h2 class=\"elementor-heading-title elementor-size-default\">Kurrikula \u2013 Trajnimi i punonj\u00ebsve t\u00eb t\u00eb rinjve p\u00ebr fuqizimin dhe p\u00ebrfshirjen e t\u00eb rinjve me aft\u00ebsi t\u00eb kufizuara p\u00ebrmes programeve cil\u00ebsore edukative p\u00ebr sip\u00ebrmarrjen sociale<\/h2>\t\t\t\t<\/div>\n\t\t\t\t<div class=\"elementor-element elementor-element-3b8d5775 elementor-widget elementor-widget-bdt-breadcrumbs\" data-id=\"3b8d5775\" data-element_type=\"widget\" data-e-type=\"widget\" data-widget_type=\"bdt-breadcrumbs.default\">\n\t\t\t\t\t<div class='bdt-ep-breadcrumbs-wrapper'><ul class=\"bdt-ep-breadcrumb breadcrumb-align-left\"><li><a href=\"https:\/\/socialabilityhub.eu\/sq\/\">Faqja kryesore<\/a><\/li>\n<\/ul><\/div>\t\t\t\t<\/div>\n\t\t\t\t\t<\/div>\n\t\t\t\t<\/div>\n\t\t<div class=\"elementor-element elementor-element-7bc22ef9 e-flex e-con-boxed e-con e-parent\" data-id=\"7bc22ef9\" data-element_type=\"container\" data-e-type=\"container\">\n\t\t\t\t\t<div class=\"e-con-inner\">\n\t\t<div class=\"elementor-element elementor-element-2cdcec31 e-con-full e-flex e-con e-child\" data-id=\"2cdcec31\" data-element_type=\"container\" data-e-type=\"container\">\n\t\t\t\t<\/div>\n\t\t<div class=\"elementor-element elementor-element-3fc4e9a5 e-con-full e-flex e-con e-child\" data-id=\"3fc4e9a5\" data-element_type=\"container\" data-e-type=\"container\">\n\t\t\t\t<div class=\"elementor-element elementor-element-32f60637 elementor-widget elementor-widget-image\" data-id=\"32f60637\" data-element_type=\"widget\" data-e-type=\"widget\" data-widget_type=\"image.default\">\n\t\t\t\t\t\t\t\t\t\t\t\t\t\t\t<img fetchpriority=\"high\" decoding=\"async\" width=\"1024\" height=\"1024\" src=\"https:\/\/socialabilityhub.eu\/wp-content\/uploads\/2026\/08\/Curriculum-cover.webp\" class=\"attachment-full size-full wp-image-532\" alt=\"\" srcset=\"https:\/\/socialabilityhub.eu\/wp-content\/uploads\/2026\/08\/Curriculum-cover.webp 1024w, https:\/\/socialabilityhub.eu\/wp-content\/uploads\/2026\/08\/Curriculum-cover-300x300.webp 300w, https:\/\/socialabilityhub.eu\/wp-content\/uploads\/2026\/08\/Curriculum-cover-150x150.webp 150w, https:\/\/socialabilityhub.eu\/wp-content\/uploads\/2026\/08\/Curriculum-cover-768x768.webp 768w, https:\/\/socialabilityhub.eu\/wp-content\/uploads\/2026\/08\/Curriculum-cover-12x12.webp 12w\" sizes=\"(max-width: 1024px) 100vw, 1024px\" \/>\t\t\t\t\t\t\t\t\t\t\t\t\t\t\t<\/div>\n\t\t\t\t<\/div>\n\t\t\t\t\t<\/div>\n\t\t\t\t<\/div>\n\t\t<div class=\"elementor-element elementor-element-671b213c e-flex e-con-boxed e-con e-parent\" data-id=\"671b213c\" data-element_type=\"container\" data-e-type=\"container\">\n\t\t\t\t\t<div class=\"e-con-inner\">\n\t\t\t\t<div class=\"elementor-element elementor-element-34f5c192 elementor-widget elementor-widget-text-editor\" data-id=\"34f5c192\" data-element_type=\"widget\" data-e-type=\"widget\" data-widget_type=\"text-editor.default\">\n\t\t\t\t\t\t\t\t\t<p class=\"PDq2pG_selectionAnchorContainer\" data-start=\"0\" data-end=\"631\">Ky Kurrikul\u00eb \u00ebsht\u00eb zhvilluar n\u00eb kuad\u00ebr t\u00eb projektit &quot;Nd\u00ebrtimi i kapaciteteve n\u00eb pun\u00ebn rinore p\u00ebr sip\u00ebrmarrjen sociale t\u00eb t\u00eb rinjve me aft\u00ebsi t\u00eb kufizuara (SocEntYwD)&quot;. Projekti \u00ebsht\u00eb i p\u00ebrqendruar n\u00eb forcimin e kapaciteteve t\u00eb organizatave dhe profesionist\u00ebve t\u00eb pun\u00ebs rinore p\u00ebr t\u00eb hartuar, menaxhuar dhe zbatuar programe arsimore gjith\u00ebp\u00ebrfshir\u00ebse q\u00eb mb\u00ebshtesin t\u00eb rinjt\u00eb me aft\u00ebsi t\u00eb kufizuara p\u00ebr t\u00eb eksploruar, zhvilluar dhe mb\u00ebshtetur iniciativat e sip\u00ebrmarrjes sociale. Ai bazohet n\u00eb nj\u00eb vler\u00ebsim transnacional t\u00eb nevojave dhe n\u00eb p\u00ebrvoj\u00ebn praktike t\u00eb partner\u00ebve nga vendet e BE-s\u00eb dhe t\u00eb Ballkanit Per\u00ebndimor, me v\u00ebmendje ndaj realiteteve n\u00eb Bosnj\u00eb dhe Hercegovin\u00eb dhe Kosov\u00eb.<\/p><p data-start=\"0\" data-end=\"631\">\u00a0<\/p><p data-start=\"633\" data-end=\"1266\" data-is-last-node=\"\" data-is-only-node=\"\">Q\u00ebllimi i k\u00ebtij Kurrikulumi \u00ebsht\u00eb t\u00eb ofroj\u00eb si nj\u00eb korniz\u00eb konceptuale ashtu edhe nj\u00eb s\u00ebr\u00eb seancash edukative t\u00eb gatshme p\u00ebr p\u00ebrdorim p\u00ebr trajnimin e punonj\u00ebsve t\u00eb rinj. Ai mb\u00ebshtet punonj\u00ebsit e rinj n\u00eb thellimin e t\u00eb kuptuarit t\u00eb tyre p\u00ebr aft\u00ebsin\u00eb e kufizuar dhe sip\u00ebrmarrjen sociale dhe ofron mjete praktike p\u00ebr t\u00eb mb\u00ebshtetur personat me aft\u00ebsi t\u00eb kufizuara (YWD) n\u00eb zhvillimin e ideve sip\u00ebrmarr\u00ebse, nd\u00ebrtimin e aft\u00ebsive ky\u00e7e dhe aksesin n\u00eb ekosisteme mb\u00ebshtet\u00ebse. Materiali bazohet n\u00eb arsimin joformal dhe qasjet pjes\u00ebmarr\u00ebse, duke inkurajuar reflektimin, t\u00eb nx\u00ebnit nga bashk\u00ebmoshatar\u00ebt dhe p\u00ebrfshirjen kuptimplote t\u00eb YWD n\u00eb t\u00eb gjitha fazat e procesit t\u00eb t\u00eb nx\u00ebnit. Kurrikula \u00ebsht\u00eb strukturuar n\u00eb kat\u00ebr pjes\u00eb kryesore.<\/p>\t\t\t\t\t\t\t\t<\/div>\n\t\t\t\t\t<\/div>\n\t\t\t\t<\/div>\n\t\t<div class=\"elementor-element elementor-element-1a7263fa e-flex e-con-boxed e-con e-parent\" data-id=\"1a7263fa\" data-element_type=\"container\" data-e-type=\"container\">\n\t\t\t\t\t<div class=\"e-con-inner\">\n\t\t<div class=\"elementor-element elementor-element-24ee8fa2 e-con-full e-flex e-con e-child\" data-id=\"24ee8fa2\" data-element_type=\"container\" data-e-type=\"container\">\n\t\t\t\t<\/div>\n\t\t<div class=\"elementor-element elementor-element-2e668c14 e-con-full e-flex e-con e-child\" data-id=\"2e668c14\" data-element_type=\"container\" data-e-type=\"container\">\n\t\t\t\t<div class=\"elementor-element elementor-element-2e0189ad elementor-widget elementor-widget-bdt-document-viewer\" data-id=\"2e0189ad\" data-element_type=\"widget\" data-e-type=\"widget\" data-widget_type=\"bdt-document-viewer.default\">\n\t\t\t\t\t\t\t\t<div class=\"bdt-document-viewer\">\n\t\t\t\t\t\t\t\t<iframe src=\"https:\/\/docs.google.com\/viewer?url=https%3A%2F%2Fsocialabilityhub.eu%2Fwp-content%2Fuploads%2F2026%2F08%2FR1_EN_Curriculum_SocEntYwD.pdf&#038;embedded=true\" class=\"bdt-document\"><\/iframe>\n\t\t\t<\/div>\n\t\t\t\t\t\t\t<\/div>\n\t\t\t\t<\/div>\n\t\t<div class=\"elementor-element elementor-element-40e2e35a e-con-full e-flex e-con e-child\" data-id=\"40e2e35a\" data-element_type=\"container\" data-e-type=\"container\">\n\t\t\t\t<\/div>\n\t\t\t\t\t<\/div>\n\t\t\t\t<\/div>\n\t\t\t\t<\/div>","protected":false},"excerpt":{"rendered":"<p>Ky Kurrikul\u00eb \u00ebsht\u00eb zhvilluar n\u00eb kuad\u00ebr t\u00eb projektit &quot;Nd\u00ebrtimi i kapaciteteve n\u00eb pun\u00ebn rinore p\u00ebr sip\u00ebrmarrjen sociale t\u00eb t\u00eb rinjve me aft\u00ebsi t\u00eb kufizuara (SocEntYwD)&quot;. Projekti \u00ebsht\u00eb i p\u00ebrqendruar n\u00eb forcimin e kapaciteteve t\u00eb organizatave dhe profesionist\u00ebve t\u00eb pun\u00ebs rinore p\u00ebr t\u00eb hartuar, menaxhuar dhe zbatuar programe arsimore gjith\u00ebp\u00ebrfshir\u00ebse q\u00eb mb\u00ebshtesin t\u00eb rinjt\u00eb me aft\u00ebsi t\u00eb kufizuara p\u00ebr t\u00eb eksploruar, zhvilluar dhe mb\u00ebshtetur iniciativat e sip\u00ebrmarrjes sociale. Ai bazohet n\u00eb nj\u00eb vler\u00ebsim transnacional t\u00eb nevojave dhe n\u00eb p\u00ebrvoj\u00ebn praktike t\u00eb partner\u00ebve nga vendet e BE-s\u00eb dhe t\u00eb Ballkanit Per\u00ebndimor, me v\u00ebmendje ndaj realiteteve n\u00eb Bosnj\u00eb dhe Hercegovin\u00eb dhe Kosov\u00eb.<\/p>","protected":false},"author":1,"featured_media":532,"comment_status":"open","ping_status":"open","sticky":false,"template":"elementor_header_footer","format":"standard","meta":{"pagelayer_contact_templates":[],"_pagelayer_content":"","footnotes":""},"categories":[10],"tags":[],"class_list":["post-531","post","type-post","status-publish","format-standard","has-post-thumbnail","hentry","category-curriculum-for-education-workers","entry"],"_links":{"self":[{"href":"https:\/\/socialabilityhub.eu\/sq\/wp-json\/wp\/v2\/posts\/531","targetHints":{"allow":["GET"]}}],"collection":[{"href":"https:\/\/socialabilityhub.eu\/sq\/wp-json\/wp\/v2\/posts"}],"about":[{"href":"https:\/\/socialabilityhub.eu\/sq\/wp-json\/wp\/v2\/types\/post"}],"author":[{"embeddable":true,"href":"https:\/\/socialabilityhub.eu\/sq\/wp-json\/wp\/v2\/users\/1"}],"replies":[{"embeddable":true,"href":"https:\/\/socialabilityhub.eu\/sq\/wp-json\/wp\/v2\/comments?post=531"}],"version-history":[{"count":4,"href":"https:\/\/socialabilityhub.eu\/sq\/wp-json\/wp\/v2\/posts\/531\/revisions"}],"predecessor-version":[{"id":538,"href":"https:\/\/socialabilityhub.eu\/sq\/wp-json\/wp\/v2\/posts\/531\/revisions\/538"}],"wp:featuredmedia":[{"embeddable":true,"href":"https:\/\/socialabilityhub.eu\/sq\/wp-json\/wp\/v2\/media\/532"}],"wp:attachment":[{"href":"https:\/\/socialabilityhub.eu\/sq\/wp-json\/wp\/v2\/media?parent=531"}],"wp:term":[{"taxonomy":"category","embeddable":true,"href":"https:\/\/socialabilityhub.eu\/sq\/wp-json\/wp\/v2\/categories?post=531"},{"taxonomy":"post_tag","embeddable":true,"href":"https:\/\/socialabilityhub.eu\/sq\/wp-json\/wp\/v2\/tags?post=531"}],"curies":[{"name":"wp","href":"https:\/\/api.w.org\/{rel}","templated":true}]}}